{"id":2149,"date":"2017-01-10T22:34:24","date_gmt":"2017-01-10T21:34:24","guid":{"rendered":"http:\/\/www.xn--asphalt-schtig-osb.de\/blog\/wordpress\/?p=2149"},"modified":"2017-01-10T22:35:21","modified_gmt":"2017-01-10T21:35:21","slug":"strassenkaempfer-beim-road-racing","status":"publish","type":"post","link":"http:\/\/www.xn--asphalt-schtig-osb.de\/blog\/wordpress\/strassenkaempfer-beim-road-racing\/","title":{"rendered":"Stra\u00dfenk\u00e4mpfer"},"content":{"rendered":"<p>Jeder von uns hat einen Traum. Doch w\u00e4hrend sich die gro\u00dfe Mehrheit eher nach profanen Dingen wie einer Villa im Gr\u00fcnen oder der Luxuskarosse in der Garage sehnt, weichen die Wunschvorstellungen f\u00fcr uns Motorsportinfizierten in aller Regel weit von der Norm ab. Wir verzichten freiwillig auf Komfort und Sicherheit und ziehen Risikosportarten auf der Rennstrecke und das gemeinsame Grillen im Fahrerlager allem anderen vor. Verr\u00fcckt. Noch verr\u00fcckter wird es, wenn man nicht nur Motorradrennen sondern Road Racing im Kopf hat und der Traum zum absoluten Lebensinhalt wird.<\/p>\n<p>Mit der International Road Racing Championship (IRRC) ist in den vergangenen Jahren im Schatten der gro\u00dfen deutschen Rennserien eine Meisterschaft herangewachsen, die zum Sprungbrett f\u00fcr die legend\u00e4ren Road Racing Events wie der Tourist Trophy auf der Isle of Man oder dem Macau Grand Prix geworden ist. Und die IRRC boomt. 2016 hatten sich insgesamt sechzig Fahrer aus elf verschiedenen Nationen eingeschrieben, um auf 6 Stra\u00dfenkursen in Belgien, Deutschland, Finnland, Holland und Tschechien an den Start zu gehen. Doch was macht Road Racing so besonders, dass die Teilnehmer teils weit \u00fcber tausend Kilometer durch halb Europa fahren, um sprichw\u00f6rtlich Kopf und Kragen zu riskieren? Um diese Frage zu beantworten, begleiteten wir mit Christian \u201eSchmiddel\u201c Schmitz einen der Jungspunde der IRRC zu den Rennen, um die au\u00dfergew\u00f6hnliche Atmosph\u00e4re beim Road Racing sowie Freud und Leid hautnah mitzuerleben.<\/p>\n<div id=\"attachment_2150\" style=\"width: 1024px\" class=\"wp-caption aligncenter\"><a href=\"http:\/\/www.xn--asphalt-schtig-osb.de\/blog\/wordpress\/wp-content\/uploads\/2017\/01\/6-Michael-Rutter-startet-bereits-zum-zweiten-Mal-in-Frohburg-und-holte-sich-nicht-nur-3-Siege-sondern-auch-den-Streckenrekord.jpg\"><img loading=\"lazy\" decoding=\"async\" aria-describedby=\"caption-attachment-2150\" class=\"size-large wp-image-2150\" src=\"http:\/\/www.xn--asphalt-schtig-osb.de\/blog\/wordpress\/wp-content\/uploads\/2017\/01\/6-Michael-Rutter-startet-bereits-zum-zweiten-Mal-in-Frohburg-und-holte-sich-nicht-nur-3-Siege-sondern-auch-den-Streckenrekord-1024x674.jpg\" alt=\"Die IRRC lockt auch die ganz Gro\u00dfen: Neben Michael Dunlop startete auch Road Racing Legende und Mr. Macau Michael Rutter bereits zwei Mal beim Rennen in Frohburg.\" width=\"1024\" height=\"674\" srcset=\"http:\/\/www.xn--asphalt-schtig-osb.de\/wp-content\/uploads\/2017\/01\/6-Michael-Rutter-startet-bereits-zum-zweiten-Mal-in-Frohburg-und-holte-sich-nicht-nur-3-Siege-sondern-auch-den-Streckenrekord-1024x674.jpg 1024w, http:\/\/www.xn--asphalt-schtig-osb.de\/wp-content\/uploads\/2017\/01\/6-Michael-Rutter-startet-bereits-zum-zweiten-Mal-in-Frohburg-und-holte-sich-nicht-nur-3-Siege-sondern-auch-den-Streckenrekord-300x198.jpg 300w\" sizes=\"auto, (max-width: 1024px) 100vw, 1024px\" \/><\/a><p id=\"caption-attachment-2150\" class=\"wp-caption-text\">Die IRRC lockt auch die ganz Gro\u00dfen: Neben Michael Dunlop startete auch Road Racing Legende und Mr. Macau Michael Rutter bereits zwei Mal beim Rennen in Frohburg.<\/p><\/div>\n<p><strong>Hochgradig ansteckend <\/strong><\/p>\n<p>Christian infizierte sich bereits fr\u00fch mit dem Road Racing Virus und wie so oft kam der \u00dcbertr\u00e4ger aus der eigenen Familie. Schon sein Vater Marcus war motorradverr\u00fcckt, nahm seinen Spr\u00f6ssling im Alter von 6 Jahren mit zum Fischereihafen-Rennen in Bremerhaven und besiegelte damit die Zukunft des Juniors. Nach 10 Jahren als Zaungast wechselte Schmiddel 2012 dann von der Trib\u00fcne in die Startaufstellung und den Sattel einer 125er Aprilia. Drei Jahre Zweitakt-Rennen und einige Podiumsplatzierungen sp\u00e4ter fiel dann nach seinem ersten Start in Frohburg 2014 die Entscheidung, die Zweitakt-Aprilia gegen eine R6 zu tauschen und zu den gro\u00dfen Jungs in die IRRC zu wechseln. Doch nach ersten Achtungserfolgen in der Saison 2015 w\u00e4re die Racing-Karriere schon schon fast zu Ende gewesen, bevor sie \u00fcberhaupt richtig begonnen hatte.<\/p>\n<p>Nachdem der Einundzwanzigj\u00e4hrige IRRC-Neuling gleich am zweiten Wochenende mit einem neunten Platz auf sich aufmerksam machte, war es zur Saisonmitte mangelnde Aufmerksamkeit, die ihm zum Verh\u00e4ngnis wurde. Im tschechischen Ho\u0159ice \u00fcbersch\u00e4tzte sich Gaststarter Michal Vecko schon in der Besichtigungsrunde so sehr, dass er beim Auflaufen auf das Fahrerfeld st\u00fcrzte und Christian dabei mit ins Verderben riss. Resultat: 4 gebrochenen Wirbel, Schien- und Wadenbein zertr\u00fcmmert, Fu\u00dfgelenk gebrochen und das vorzeitige Saisonende. Die gebrochenen Knochen, vor allem die im Fu\u00df, wollten zwar lange nicht so recht heilen, das war f\u00fcr den jungen Wuppertaler aber nicht das gr\u00f6\u00dfte Problem.<\/p>\n<div id=\"attachment_2151\" style=\"width: 683px\" class=\"wp-caption aligncenter\"><a href=\"http:\/\/www.xn--asphalt-schtig-osb.de\/blog\/wordpress\/wp-content\/uploads\/2017\/01\/Einleitung-2.jpg\"><img loading=\"lazy\" decoding=\"async\" aria-describedby=\"caption-attachment-2151\" class=\"size-large wp-image-2151\" src=\"http:\/\/www.xn--asphalt-schtig-osb.de\/blog\/wordpress\/wp-content\/uploads\/2017\/01\/Einleitung-2-683x1024.jpg\" alt=\"Christian Schmitz Stand 4 Wochen nach seinem schweren Unfall beim Saisonfinale in Frohburg schon wieder in der Startaufstellung, allerdings nicht auf zwei, sondern auf 4 R\u00e4dern im Rollstuhl.\" width=\"683\" height=\"1024\" srcset=\"http:\/\/www.xn--asphalt-schtig-osb.de\/wp-content\/uploads\/2017\/01\/Einleitung-2-683x1024.jpg 683w, http:\/\/www.xn--asphalt-schtig-osb.de\/wp-content\/uploads\/2017\/01\/Einleitung-2-200x300.jpg 200w, http:\/\/www.xn--asphalt-schtig-osb.de\/wp-content\/uploads\/2017\/01\/Einleitung-2.jpg 1369w\" sizes=\"auto, (max-width: 683px) 100vw, 683px\" \/><\/a><p id=\"caption-attachment-2151\" class=\"wp-caption-text\">Christian Schmitz Stand 4 Wochen nach seinem schweren Unfall beim Saisonfinale in Frohburg schon wieder in der Startaufstellung, allerdings nicht auf zwei, sondern auf 4 R\u00e4dern im Rollstuhl.<\/p><\/div>\n<p><strong>\u00a0<\/strong><\/p>\n<p>Viel schwerwiegender waren die Folgen f\u00fcrs Material und die erste Bestandsaufnahme an der R6 war ern\u00fcchternd. Gabel krumm, Rahmen krumm, Schwinge krumm. Von den Anbauteilen ganz zu schweigen. Konnte sich Schmiddel den Low-Budget-Rennsport mit der Zweieinhalber noch irgendwie vom Munde absparen, waren die kapitalen Sch\u00e4den an der Yam zu viel f\u00fcr das schmale Gehalt eines Werkzeugmechanikers im ersten Jahr nach der Lehre. Zwar hatte sich Christian aufgrund der guten Ersatzteilversorgung bewusst f\u00fcr die R6 und gegen seine eigentliche Pr\u00e4ferenz, Triumphs 675er Daytona, entschieden, bei einem so gro\u00dfen Schaden half aber auch die Flut g\u00fcnstiger Yamaha-Teile nicht mehr. \u00a0Doch manchmal kommt in der dunkelsten Stunde tats\u00e4chlich irgendwo ein Lichtlein her: In diesem Fall waren es mit Thilo G\u00fcnther und Didier Grams eher zwei Lichtgestalten der deutschen Road Racing Szene, die bei einem interessierten Sponsor ein gutes Wort einlegten und so Eric Bergholz und den noch invaliden Christian Schmitz zusammenf\u00fchrten. Das Team LaserScanning Europe war geboren.<\/p>\n<p><strong>ROOKIE 2.0<\/strong><\/p>\n<p>Dank eisernem Willen, intensiver Physiotherapie und neuem Sponsor waren Mann und Maschine bis zum Saisonstart Anfang Mai im holl\u00e4ndischen Hengelo tats\u00e4chlich wieder einigerma\u00dfen fit, das erste Rennwochenende verlief dann aber dennoch alles andere als geschmeidig. Der beim Unfall zertr\u00fcmmerte linke Fu\u00df war zwar inzwischen soweit abgeschwollen, dass er wieder einigerma\u00dfen in den Stiefel passte, Schmiddel k\u00e4mpfte aber dennoch mit den Folgen des Crashs aus dem Vorjahr. Es war aber nicht, wie vor dem Wochenende noch bef\u00fcrchtet, das Sprunggelenk, das Sorgen bereitete, sondern der rechte Unterarm, der anschwoll und mit Arm-Pump auf die Belastung und das fehlende Training reagierte. Doch es kam noch dicker. Das erste Saisonrennen war gerade einmal 300 Meter alt, als der Rookie 2.0 unsanft in die Wiese geschickt wurde und unverschuldet zu Sturz kam.<\/p>\n<div id=\"attachment_2152\" style=\"width: 1024px\" class=\"wp-caption aligncenter\"><a href=\"http:\/\/www.xn--asphalt-schtig-osb.de\/blog\/wordpress\/wp-content\/uploads\/2017\/01\/1-Um-Nachwuchs-scheint-man-sich-im-Road-Racing-kaum-sorgen-zu-m\u00fcssen.jpg\"><img loading=\"lazy\" decoding=\"async\" aria-describedby=\"caption-attachment-2152\" class=\"size-large wp-image-2152\" src=\"http:\/\/www.xn--asphalt-schtig-osb.de\/blog\/wordpress\/wp-content\/uploads\/2017\/01\/1-Um-Nachwuchs-scheint-man-sich-im-Road-Racing-kaum-sorgen-zu-m\u00fcssen-1024x696.jpg\" alt=\"Faszinitiert auch die Kleinen: Um Nachwuchs scheint man sich im Road Racing kaum sorgen zu m\u00fcssen.\" width=\"1024\" height=\"696\" srcset=\"http:\/\/www.xn--asphalt-schtig-osb.de\/wp-content\/uploads\/2017\/01\/1-Um-Nachwuchs-scheint-man-sich-im-Road-Racing-kaum-sorgen-zu-m\u00fcssen-1024x696.jpg 1024w, http:\/\/www.xn--asphalt-schtig-osb.de\/wp-content\/uploads\/2017\/01\/1-Um-Nachwuchs-scheint-man-sich-im-Road-Racing-kaum-sorgen-zu-m\u00fcssen-300x204.jpg 300w, http:\/\/www.xn--asphalt-schtig-osb.de\/wp-content\/uploads\/2017\/01\/1-Um-Nachwuchs-scheint-man-sich-im-Road-Racing-kaum-sorgen-zu-m\u00fcssen.jpg 2034w\" sizes=\"auto, (max-width: 1024px) 100vw, 1024px\" \/><\/a><p id=\"caption-attachment-2152\" class=\"wp-caption-text\">Faszinitiert auch die Kleinen: Um Nachwuchs scheint man sich im Road Racing kaum sorgen zu m\u00fcssen.<\/p><\/div>\n<p>Die Reparatur verlief dann zwar noch ruhig, als Christian im zweiten Rennen und in den Punkten liegend dann mit \u00fcberhitzendem Motor aufgeben musste, kochte neben der R6 auch der Pilot in der Boxengasse \u00fcber. Personensch\u00e4den war gl\u00fccklicherweise keine zu beklagen, Handschuhe und Boxentafel kamen aber nicht so glimpflich davon. Nach einem dreiviertel Jahr voller Schmerzen und Entbehrungen bot der Ausraster dem Publikum auf den voll besetzten Trib\u00fcnen aber nicht nur etwas zus\u00e4tzliche Action, sondern war auch mehr als verst\u00e4ndlich.<\/p>\n<p><strong>Racing als Lebensinhalt <\/strong><\/p>\n<p>Aber nicht nur die Wochenenden selbst kosten Nerven und erfordern Zugest\u00e4ndnisse. Vor allem dann, wenn man den Spa\u00df vom sp\u00e4rlichen Gesellengehalt finanziert und vieles selbst baut. F\u00fcr Schmiddel bedeutet das, jeden Tag nach der Arbeit noch 3-4 Stunden in die Werkstatt, Fehlersuche, Mopped f\u00fcr das kommenden Rennwochenende vorbereiten, Feinschliff. Um die Kosten f\u00fcr das Drumherum so niedrig wie m\u00f6glich zu halten, sind Boxentafel, Boxenwagen sowie diverse Halterungen und Kleinteile f\u00fcrs Motorrad Eigenanfertigungen. Auch der VW-Bus wurde in der heimischen Garage zum Renntransporter ausgebaut. Das spart zwar auf der eine Seite Geld, geht auf der anderen aber auf Kosten des Privatlebens. Frauen machen das in der Regel nicht lange mit. Als Rennfahrer muss man Priorit\u00e4ten setzen.<\/p>\n<p>Dass trotz der M\u00fche und tagelangen Vorbereitung manchmal alles danebengeht, musste Schmiddel dann erneut schmerzhaft am zweiten Rennwochenende im holl\u00e4ndischen Oss erfahren. Im Vorjahr konnte er hier eines der besten Saisonergebnisse einfahren, f\u00fcr 2016 waren die Aussichten aber schon vor der Anreise nicht besonders rosig. Ein Defekt am Renntransporter schlug ein riesiges Loch ins Kontor und um \u00fcberhaupt starten zu k\u00f6nnen, musste die Ersatzauspuffanlage den Besitzer wechseln. Das sollte sich noch b\u00f6se r\u00e4chen. Schmiddel konnte im ersten Lauf zwar nicht in die Punkte fahren, nach einer Durststrecke von 10 Monaten endlich wieder ein Rennen beenden zu k\u00f6nnen, lie\u00df den Renngott aber vers\u00f6hnlich erscheinen. Doch der hatte ganz andere Pl\u00e4ne. Noch in der Auslaufrunde quittierte das Zwischengasmodul an Schmiddels R6 den Dienst, schickte im Ableben einen letzten Gassto\u00df ans Hinterrad und Christian per Highsider zu Boden. Gabel verzogen, Kr\u00fcmmer kaputt, wieder null Punkte. Und f\u00fcr die kommenden Wochen standen erneut Schrauben und jede Menge Nachtschichten auf dem Programm.<\/p>\n<div id=\"attachment_2154\" style=\"width: 1024px\" class=\"wp-caption aligncenter\"><a href=\"http:\/\/www.xn--asphalt-schtig-osb.de\/blog\/wordpress\/wp-content\/uploads\/2017\/01\/2-Schrauben-unter-Camping-Bedingungen-ist-beim-Road-Racing-normal-wenn-die-Gabel-krum-ist-hilft-aber-auch-Improvisation-nichts-mehr.1.jpg\"><img loading=\"lazy\" decoding=\"async\" aria-describedby=\"caption-attachment-2154\" class=\"size-large wp-image-2154\" src=\"http:\/\/www.xn--asphalt-schtig-osb.de\/blog\/wordpress\/wp-content\/uploads\/2017\/01\/2-Schrauben-unter-Camping-Bedingungen-ist-beim-Road-Racing-normal-wenn-die-Gabel-krum-ist-hilft-aber-auch-Improvisation-nichts-mehr.1-1024x683.jpg\" alt=\"Schrauben unter Camping Bedingungen ist beim Road Racing normal, wenn die Gabel krum ist, hilft aber auch Improvisation nichts mehr.\" width=\"1024\" height=\"683\" srcset=\"http:\/\/www.xn--asphalt-schtig-osb.de\/wp-content\/uploads\/2017\/01\/2-Schrauben-unter-Camping-Bedingungen-ist-beim-Road-Racing-normal-wenn-die-Gabel-krum-ist-hilft-aber-auch-Improvisation-nichts-mehr.1-1024x683.jpg 1024w, http:\/\/www.xn--asphalt-schtig-osb.de\/wp-content\/uploads\/2017\/01\/2-Schrauben-unter-Camping-Bedingungen-ist-beim-Road-Racing-normal-wenn-die-Gabel-krum-ist-hilft-aber-auch-Improvisation-nichts-mehr.1-300x200.jpg 300w\" sizes=\"auto, (max-width: 1024px) 100vw, 1024px\" \/><\/a><p id=\"caption-attachment-2154\" class=\"wp-caption-text\">Schrauben unter Camping Bedingungen ist beim Road Racing normal, wenn die Gabel krum ist, hilft aber auch Improvisation nichts mehr.<\/p><\/div>\n<p><strong>Hauptsache Fahren<\/strong><\/p>\n<p>Die dritte Station im Kalender f\u00fchrt den IRRC Tross seit 2010 auf die ehemalige Grand Prix Strecke im belgischen Chimay. Dank der achtw\u00f6chigen Pause nach dem Rennen in Oss war die R6 zwar wieder fit und hatte sogar schon einen Test beim Rennen um die Goldene Grubenlampe im tschechischen Terlicko absolviert, dem Budget hatte beides aber nicht sonderlich gutgetan. Das Konto drehte rennsportlich im roten Bereich und der Sprit im Bus w\u00fcrde gerade so f\u00fcr den Belgien-Trip reichen. Geld, um die l\u00f6chrigen Handschuhe zu ersetzen, war keins \u00fcbrig. Egal, wird schon irgendwie gehen. Hauptsache fahren. Die kleine, elterliche Finanzspritze, die unser PS-Sch\u00fctzling kurz vor dem Wochenende erhielt, gind dann entsprechend auch in die Nenngeb\u00fchr f\u00fcr den in Chimay ebenfalls ausgetragen BeNe-Cup. Trainingszeit ist wichtiger als neue Klamotten. Um Schlimmeres zu verhindern, gab es dann leihweise die Handschuhe Autors. Die Rennen in Belgien brachten dann mit den Pl\u00e4tzen 12 und 13 endlich auch den ersehnten Aufw\u00e4rtstrend und fast ein Jahr nach seinem schweren Unfall eine l\u00e4ngst \u00fcberfl\u00fcssige Portion neuen Selbstvertrauens.<strong><br \/>\n<\/strong><\/p>\n<div id=\"attachment_2155\" style=\"width: 1024px\" class=\"wp-caption aligncenter\"><a href=\"http:\/\/www.xn--asphalt-schtig-osb.de\/blog\/wordpress\/wp-content\/uploads\/2017\/01\/3-One-Man-Show-zu-einigen-Rennen-reiste-Christian-ganz-allein.-Dank-der-extrem-kollegialen-Atmosph\u00e4re-in-der-IRRC-ist-alleine-Schrauben-aber-trotzdem-die-Ausnahme.jpg\"><img loading=\"lazy\" decoding=\"async\" aria-describedby=\"caption-attachment-2155\" class=\"size-large wp-image-2155\" src=\"http:\/\/www.xn--asphalt-schtig-osb.de\/blog\/wordpress\/wp-content\/uploads\/2017\/01\/3-One-Man-Show-zu-einigen-Rennen-reiste-Christian-ganz-allein.-Dank-der-extrem-kollegialen-Atmosph\u00e4re-in-der-IRRC-ist-alleine-Schrauben-aber-trotzdem-die-Ausnahme-1024x682.jpg\" alt=\"One Man Show - zu einigen Rennen reiste Christian ganz allein. Dank der extrem kollegialen Atmosph\u00e4re in der IRRC ist alleine Schrauben aber trotzdem die Ausnahme.\" width=\"1024\" height=\"682\" srcset=\"http:\/\/www.xn--asphalt-schtig-osb.de\/wp-content\/uploads\/2017\/01\/3-One-Man-Show-zu-einigen-Rennen-reiste-Christian-ganz-allein.-Dank-der-extrem-kollegialen-Atmosph\u00e4re-in-der-IRRC-ist-alleine-Schrauben-aber-trotzdem-die-Ausnahme-1024x682.jpg 1024w, http:\/\/www.xn--asphalt-schtig-osb.de\/wp-content\/uploads\/2017\/01\/3-One-Man-Show-zu-einigen-Rennen-reiste-Christian-ganz-allein.-Dank-der-extrem-kollegialen-Atmosph\u00e4re-in-der-IRRC-ist-alleine-Schrauben-aber-trotzdem-die-Ausnahme-300x200.jpg 300w\" sizes=\"auto, (max-width: 1024px) 100vw, 1024px\" \/><\/a><p id=\"caption-attachment-2155\" class=\"wp-caption-text\">One Man Show &#8211; zu einigen Rennen reiste Christian ganz allein. Dank der extrem kollegialen Atmosph\u00e4re in der IRRC ist alleine Schrauben aber trotzdem die Ausnahme.<\/p><\/div>\n<p><strong>Heimspiel<\/strong><\/p>\n<p>Das wohl spektakul\u00e4rste Rennen der Saison findet jedes Jahr im August im tschechischen Ho\u0159ice statt. Die Veranstaltung tr\u00e4gt den vielsagenden Namen Czech TT und tats\u00e4chlich erinnert der Kurs am ehesten an den legend\u00e4ren Snaefell Mountain Course auf der Isle of Man. Die Strecke ist mit 5,15 Kilometern zwar erheblich k\u00fcrzer und es fehlen die extrem schnellen Passagen, daf\u00fcr stehen die Fans wie bei der TT in den Vorg\u00e4rten und die Fahrer pfeilen direkt durch den Ort, vorbei an Briefk\u00e4sten, Hausecken und Laternenmasten. Das macht die Strecke f\u00fcr Fans, aber nat\u00fcrlich vor allem f\u00fcr die Piloten faszinierend und respekteinfl\u00f6\u00dfend zugleich. Dar\u00fcber hinaus sind die Tschechen absolut Road-Racing-verr\u00fcckt, was die Atmosph\u00e4re hier zu einer ganz besonderen macht. Das beginnt beim offiziellen Empfang der Fahrer durch den B\u00fcrgermeister auf dem Marktplatz der Stadt und endet f\u00fcr die Fahrer mit dem inzwischen schon legend\u00e4ren Bier-Boxenstopp in der ber\u00fcchtigten \u201eVodojem\u201c Kurve nach dem letzten Rennen. Kein Wunder also, dass sich Christian hier besonders wohlf\u00fchlt. Das liegt aber nicht nur am Freibier. Der anspruchsvolle Kurs lie\u00df schon zu Zweittakt-Zeiten sein Herz h\u00f6herschlagen und z\u00e4hlt seither zu seinen Lieblingsstrecken. Besonders erstaunlich: weder sein schwerer Unfall an gleicher Stelle im Vorjahr, noch ein Ausrutscher im zweiten Quali konnten ihn bei seiner R\u00fcckkehr beeindrucken. Zwei starke Top Ten Pl\u00e4tze sowie 18 Meisterschaftsz\u00e4hler sprechen eine deutliche Sprache.<\/p>\n<div id=\"attachment_2156\" style=\"width: 1024px\" class=\"wp-caption aligncenter\"><a href=\"http:\/\/www.xn--asphalt-schtig-osb.de\/blog\/wordpress\/wp-content\/uploads\/2017\/01\/Freute-sich-sichtlich-\u00fcber-seinen-Sieg.jpg\"><img loading=\"lazy\" decoding=\"async\" aria-describedby=\"caption-attachment-2156\" class=\"size-large wp-image-2156\" src=\"http:\/\/www.xn--asphalt-schtig-osb.de\/blog\/wordpress\/wp-content\/uploads\/2017\/01\/Freute-sich-sichtlich-\u00fcber-seinen-Sieg-1024x682.jpg\" alt=\"Stra\u00dfenrennen und Bier geh\u00f6ren in Tschechien einfach zusammen und Didier Grams konnte sich gleich zweimal freuen: einmal \u00fcber einen Sieg bei den Superbikes und \u00fcber ein k\u00fchles Blondes nach dem Rennen.\" width=\"1024\" height=\"682\" srcset=\"http:\/\/www.xn--asphalt-schtig-osb.de\/wp-content\/uploads\/2017\/01\/Freute-sich-sichtlich-\u00fcber-seinen-Sieg-1024x682.jpg 1024w, http:\/\/www.xn--asphalt-schtig-osb.de\/wp-content\/uploads\/2017\/01\/Freute-sich-sichtlich-\u00fcber-seinen-Sieg-300x200.jpg 300w\" sizes=\"auto, (max-width: 1024px) 100vw, 1024px\" \/><\/a><p id=\"caption-attachment-2156\" class=\"wp-caption-text\">Stra\u00dfenrennen und Bier geh\u00f6ren in Tschechien einfach zusammen und Didier Grams konnte sich gleich zweimal freuen: einmal \u00fcber einen Sieg bei den Superbikes und \u00fcber ein k\u00fchles Blondes nach dem Rennen.<\/p><\/div>\n<p><strong>Willkommen bei Freunden<\/strong><\/p>\n<p>Nur wenige Tage nach der R\u00fcckkehr aus Ho\u0159ice hie\u00df es dann schon wieder Sachenpacken, da Ende August bereits das n\u00e4chste Event anstand. 2016 startete die IRRC das erste Mal im finnischen Imatra, was f\u00fcr die meisten Teams durch die fahrtechnisch ung\u00fcnstig gelegene Ostsee einen enormen logistischen Aufwand bedeutete. Sp\u00e4testens hier w\u00e4re f\u00fcr Christian und vermutlich auch einen Gro\u00dfteil der anderen IRRC Fahrer finanziell Schluss gewesen. Zus\u00e4tzliche Kosten von etwa 2000 Euro f\u00fcr die F\u00e4hre wollten gestemmt werden, vom enormen Zeitaufwand von fast zwei Wochen ganz zu schweigen. Aber die Altvorderen der Stadt Imatra, in der bis in die 1980er noch Grand Prix Rennen ausgetragen wurden, hatten keine Kosten und M\u00fchen gespart und nicht nur ein perfekt organisiertes Event inklusive TV-\u00dcbertragung aus dem Boden gestampft. Sie unterst\u00fctzten Fahrer und Teams auch mit einem Reisekostenzuschuss.<\/p>\n<p>Und die M\u00fche sollte sich lohnen. \u00dcber 40.000 (!) Besucher kam an die wundersch\u00f6n gelegene Strecke und boten eine beeindruckende Kulisse, die auch dem abgebr\u00fchtesten Pilot G\u00e4nsehaut und feuchte Augen bescherte. Wie die meisten Fahrer tr\u00e4umt zwar auch Christian von einem Start bei der legend\u00e4ren Tourist Trophy und arbeitet mit jeder Runde und jedem Rennen auf den Sprung auf die Insel hin, das, was hier geboten wurde, war aber schon Road Racing Atmosph\u00e4re vom Feinsten. Die lie\u00df auch Christian nicht kalt. All die Schmerzen und Entbehrungen der letzten 12 Monate, der geopferte Jahresurlaub und die unz\u00e4hligen Stunden in Garage wurden auf einmal belohnt. Ein unbeschreiblich gutes Gef\u00fchl, das ihn auch noch Tage nach der Heimkehr immer wieder einholte. Auf einmal machte alles noch mehr Sinn.<\/p>\n<div id=\"attachment_2157\" style=\"width: 1024px\" class=\"wp-caption aligncenter\"><a href=\"http:\/\/www.xn--asphalt-schtig-osb.de\/blog\/wordpress\/wp-content\/uploads\/2017\/01\/5-Paradiesische-Zust\u00e4nde-in-Imatra-hat-sogar-die-Boxenausfahrt-Seeblick.jpg\"><img loading=\"lazy\" decoding=\"async\" aria-describedby=\"caption-attachment-2157\" class=\"size-large wp-image-2157\" src=\"http:\/\/www.xn--asphalt-schtig-osb.de\/blog\/wordpress\/wp-content\/uploads\/2017\/01\/5-Paradiesische-Zust\u00e4nde-in-Imatra-hat-sogar-die-Boxenausfahrt-Seeblick-1024x576.jpg\" alt=\"Paradiesische Zust\u00e4nde - 2016 gastierte die IRRC das erste Mal in Imatra. Hier bot die Boxenausfahrt sogar Seeblick.\" width=\"1024\" height=\"576\" srcset=\"http:\/\/www.xn--asphalt-schtig-osb.de\/wp-content\/uploads\/2017\/01\/5-Paradiesische-Zust\u00e4nde-in-Imatra-hat-sogar-die-Boxenausfahrt-Seeblick-1024x576.jpg 1024w, http:\/\/www.xn--asphalt-schtig-osb.de\/wp-content\/uploads\/2017\/01\/5-Paradiesische-Zust\u00e4nde-in-Imatra-hat-sogar-die-Boxenausfahrt-Seeblick-300x169.jpg 300w, http:\/\/www.xn--asphalt-schtig-osb.de\/wp-content\/uploads\/2017\/01\/5-Paradiesische-Zust\u00e4nde-in-Imatra-hat-sogar-die-Boxenausfahrt-Seeblick.jpg 1920w\" sizes=\"auto, (max-width: 1024px) 100vw, 1024px\" \/><\/a><p id=\"caption-attachment-2157\" class=\"wp-caption-text\">Paradiesische Zust\u00e4nde &#8211; 2016 gastierte die IRRC das erste Mal in Imatra. Hier bot die Boxenausfahrt sogar Seeblick.<\/p><\/div>\n<p><strong>International Road Racing \u00a0<\/strong><\/p>\n<p>Das letzte IRRC-Rennen des Jahres findet zwar seit jeher in der s\u00e4chsischen Provinz statt, die Organisatoren des Frohburger Dreieck Rennens konnten aber bei den Themen Internationalit\u00e4t und Prominenz schon immer noch eine Schippe drauflegen. Hier gingen schon fast alle Mitglieder der legend\u00e4ren Dunlop-Familie an den Start und die hier regelm\u00e4\u00dfig startenden G\u00e4ste von der Insel sorgen f\u00fcr internationalen Flair. F\u00fcr 2016 hatten sich mit Michael Rutter, Gary Johnson und Danny Webb erneut drei Topstars der Road Racing Szene f\u00fcr das Superbike-Rennen angek\u00fcndigt. Umringt von Fans und Seite an Seite mit den Stars begann das Wochenende beim Fahrerempfang auf dem Frohburger Marktplatz f\u00fcr unser PS-Fahrer Christian so auch mit einem Highlight. Am Trainingssamstag holte ihn ein Highsider dann aber sprichw\u00f6rtlich wieder auf den Boden und es hie\u00df wieder Schrauben, statt Autogramme schreiben. Entsprechend mies war die Stimmung. Nach einer Saison mit vielen H\u00f6hen und Tiefen sollte das Saisonfinale noch mal ein H\u00f6hepunkt werden, die stark l\u00e4dierte R6 und Probleme mit der Elektronik deuteten aber das Gegenteil an. Und das beim Abschlussrennen und vor dem angereisten Hauptsponsor. Kurzzeitig lagen die Nerven blank.<\/p>\n<p>Wie so oft in der IRRC kam die Hilfe dann aus dem Nachbarzelt und IRRC-Fahrer Stefan \u201ePuude\u201c Wauter half mit Laptop und einem neuen Mapping f\u00fcr die R6 aus. Im ersten Rennen reichte es aufgrund eines rutschenden Vorderrades zwar trotzdem nur f\u00fcr Platz 17, mit neuen Reifen und ordentlich Wut im Bauch schaffte es Christian dann aber in Lauf zwei nicht nur problemlos, in die Top Ten zu fahren, sondern verpasste den siebten Platz nur um die Nichtigkeit von zwei Zehntelsekunden. Schmiddel war dennoch zufrieden. Der Sponsor auch.<\/p>\n<div id=\"attachment_2158\" style=\"width: 1024px\" class=\"wp-caption aligncenter\"><a href=\"http:\/\/www.xn--asphalt-schtig-osb.de\/blog\/wordpress\/wp-content\/uploads\/2017\/01\/6-Nach-einem-Highsider-im-Training-reichte-es-f\u00fcr-Schmiddel-nur-zu-Startplatz-15-im-zweiten-Lauf-gab-es-dann-aber-einen-starken-Platz-8.jpg\"><img loading=\"lazy\" decoding=\"async\" aria-describedby=\"caption-attachment-2158\" class=\"size-large wp-image-2158\" src=\"http:\/\/www.xn--asphalt-schtig-osb.de\/blog\/wordpress\/wp-content\/uploads\/2017\/01\/6-Nach-einem-Highsider-im-Training-reichte-es-f\u00fcr-Schmiddel-nur-zu-Startplatz-15-im-zweiten-Lauf-gab-es-dann-aber-einen-starken-Platz-8-1024x682.jpg\" alt=\"Nach einem Highsider im Training reichte es f\u00fcr Schmiddel nur zu Startplatz 15, im zweiten Lauf gab es dann aber einen starken Platz 8.\" width=\"1024\" height=\"682\" srcset=\"http:\/\/www.xn--asphalt-schtig-osb.de\/wp-content\/uploads\/2017\/01\/6-Nach-einem-Highsider-im-Training-reichte-es-f\u00fcr-Schmiddel-nur-zu-Startplatz-15-im-zweiten-Lauf-gab-es-dann-aber-einen-starken-Platz-8-1024x682.jpg 1024w, http:\/\/www.xn--asphalt-schtig-osb.de\/wp-content\/uploads\/2017\/01\/6-Nach-einem-Highsider-im-Training-reichte-es-f\u00fcr-Schmiddel-nur-zu-Startplatz-15-im-zweiten-Lauf-gab-es-dann-aber-einen-starken-Platz-8-300x200.jpg 300w\" sizes=\"auto, (max-width: 1024px) 100vw, 1024px\" \/><\/a><p id=\"caption-attachment-2158\" class=\"wp-caption-text\">Nach einem Highsider im Training reichte es f\u00fcr Schmiddel nur zu Startplatz 15, im zweiten Lauf gab es dann aber einen starken Platz 8.<\/p><\/div>\n<p>Hohes Niveau, spektakul\u00e4re Strecken, spannende Rennen \u2013 die IRRC bietet alles, was die Faszination Road Racing ausmacht und ist inzwischen DIE Nachwuchsschmiede f\u00fcr TT-Aspiranten vom Festland. Kein Wunder also, dass f\u00fcr einen Gro\u00dfteil der Fahrer bereits jetzt feststeht, in welcher Meisterschaft sie im kommenden Jahr antreten werden. Auch f\u00fcr Schmiddel geht es 2017 in der IRRC weiter, es ist aber auch das erste Rennen auf der Insel in Planung. Nein, noch geht es nicht zur TT, aber ein Start beim Southern 100 steht bereits im Kalender.<\/p>\n<p><strong>\u00a0<\/strong><\/p>\n<p><strong><span style=\"text-decoration: underline;\">Teurer Spa\u00df<\/span><\/strong><\/p>\n<p>Die Nenngeb\u00fchr f\u00fcr die IRRC ist mit 1000 Euro f\u00fcr zw\u00f6lf Rennen zwar g\u00fcnstig und das Preisgeldsystem sehr fair \u2013 es gibt Pr\u00e4mien bis zum zehnten Platz bei den Rennen und sogar bis zum 20. im Gesamtklassement \u2013 will man aber konkurrenzf\u00e4hig unterwegs sein, sollte man trotzdem mindestens einen knapp f\u00fcnfstelligen Betrag f\u00fcr die Saison einrechnen, eigenes Motorrad und komplette Ausr\u00fcstung (Schutzkleidung, Werkzeug\/Boxenequipment) vorausgesetzt. Wir haben euch anhand der Ausgaben von Christian einmal einen groben Kostenplan zusammengestellt:<\/p>\n<p>&nbsp;<\/p>\n<p><strong>IRRC Nenngeb\u00fchr<\/strong> = 1000 Euro<\/p>\n<p><strong>B-Lizenz<\/strong> = 300 Euro<\/p>\n<p><strong>Gaststart BeNe Cup <\/strong>(ca. 200 Euro pro Event) = 600 Euro<\/p>\n<p><strong>2 Verkleidungss\u00e4tze<\/strong> (ohne Farbe) = 1200 Euro<\/p>\n<p><strong>Reifen<\/strong> (1x Vorne und 2x Hinten pro Event ca. 530 Euro) = 3180 Euro<\/p>\n<p><strong>Transpondermiete<\/strong> (pro Event ca. 20 Euro) = 120 Euro<\/p>\n<p><strong>Verschlei\u00dfteile<\/strong> (Kette, Ritzel, Bremse, etc.) = 1200 Euro<\/p>\n<p><strong>Sturzteile<\/strong> = 1000 Euro<\/p>\n<p><strong>Sprit Motorrad<\/strong> (ca. 60l pro Event) = 500 Euro<\/p>\n<p><strong>Sprit Auto<\/strong> = 1700 Euro<\/p>\n<p><span style=\"text-decoration: underline;\"><strong>Subtotal: 10.800 Euro<\/strong><\/span><\/p>\n<p>&nbsp;<\/p>\n<p>Sonderposten:<\/p>\n<p><strong>F\u00e4hrkosten Imatra*<\/strong> = 2000 Euro<\/p>\n<p><strong>Ersatzmotor\/Tuning<\/strong> = 3500 Euro<\/p>\n<p><strong>Zus\u00e4tzliche Rennen\/Trainings<\/strong> = 1000 Euro<\/p>\n<p><strong>Total: 17.300 Euro<\/strong><\/p>\n<p>&nbsp;<\/p>\n<p>(*Da aufgrund der gro\u00dfen Entfernung nicht alle Fahrer nach Finnland gereist sind, werden die F\u00e4hrkosten gesondert aufgef\u00fchrt)<\/p>\n<p>&nbsp;<\/p>\n<p><strong>Kurzportrait: <a href=\"http:\/\/www.xn--asphalt-schtig-osb.de\/blog\/wordpress\/wp-content\/uploads\/2017\/01\/Bild-Kurzportrait.jpg\"><img loading=\"lazy\" decoding=\"async\" class=\"alignright wp-image-2159\" src=\"http:\/\/www.xn--asphalt-schtig-osb.de\/blog\/wordpress\/wp-content\/uploads\/2017\/01\/Bild-Kurzportrait-682x1024.jpg\" alt=\"bild-kurzportrait\" width=\"200\" height=\"300\" srcset=\"http:\/\/www.xn--asphalt-schtig-osb.de\/wp-content\/uploads\/2017\/01\/Bild-Kurzportrait-682x1024.jpg 682w, http:\/\/www.xn--asphalt-schtig-osb.de\/wp-content\/uploads\/2017\/01\/Bild-Kurzportrait-200x300.jpg 200w, http:\/\/www.xn--asphalt-schtig-osb.de\/wp-content\/uploads\/2017\/01\/Bild-Kurzportrait.jpg 1382w\" sizes=\"auto, (max-width: 200px) 100vw, 200px\" \/><\/a><br \/>\n<\/strong><\/p>\n<p><strong><span style=\"text-decoration: underline;\">Name: <\/span><\/strong>Christian \u201eSchmiddel\u201c Schmitz<\/p>\n<p><strong><span style=\"text-decoration: underline;\">Alter: <\/span><\/strong>22<\/p>\n<p><strong><span style=\"text-decoration: underline;\">Gewicht: <\/span><\/strong>76 kg<\/p>\n<p><strong><span style=\"text-decoration: underline;\">Gr\u00f6\u00dfe: <\/span><\/strong>188 cm<\/p>\n<p><strong><span style=\"text-decoration: underline;\">Beruf:<\/span><\/strong> Werkzeugmechaniker<\/p>\n<p><strong><span style=\"text-decoration: underline;\">Motorrad:<\/span><\/strong> Yamaha R6 (Rj. 11)<\/p>\n<p><strong><span style=\"text-decoration: underline;\">Startnummer:<\/span><\/strong> 104<\/p>\n<p><strong><span style=\"text-decoration: underline;\">Lieblingsstrecke: <\/span><\/strong>Ho\u0159ice und Imatra<\/p>\n<p><strong><span style=\"text-decoration: underline;\">Erstes Rennen:<\/span><\/strong> Fischereihafenrennnen 2012<\/p>\n<p><strong><span style=\"text-decoration: underline;\">Gr\u00f6\u00dfte Erfolge:<\/span><\/strong> 2014 Klassik Motorsport Platz 3 in Schleiz (250er) \/ 2014 Platz 4 Fischereihafenrennnen (250er)<\/p>\n<p><strong><span style=\"text-decoration: underline;\">Ziel:<\/span><\/strong> IoMTT<\/p>\n<p>&nbsp;<\/p>\n<p><strong><span style=\"text-decoration: underline;\">IRRC Top 5 Gesamtstand 2016:<\/span><\/strong><\/p>\n<p><strong>Supersport:<\/strong><\/p>\n<ol>\n<li>Marek \u010cerven\u00fd (CZ \/ Kawasaki \/ 265 Pkt.)<\/li>\n<li>Joey den Besten (NL \/ Yamaha \/ 226 Pkt.)<\/li>\n<li>Thomas Walther (GER \/ Kawasaki \/ 146 Pkt.)<\/li>\n<li>Pierre-Yves Bian (FR \/ Kawasaki \/ 139 Pkt.)<\/li>\n<li>Laurent Hoffmann (BE \/ Kawasaki \/ 104 Pkt.)<\/li>\n<\/ol>\n<p><strong>Superbike:<\/strong><\/p>\n<ol>\n<li>Vincent Lonbois (BE \/ BMW \/ 272 Pkt.)<\/li>\n<li>Sebastien le Grelle (BE \/ BMW \/ 243 Pkt.)<\/li>\n<li>Didier Grams (GER \/ BMW \/ 178 Pkt.)<\/li>\n<li>Johan Fredriks (NL \/ Kawasaki \/ 135 Pkt.)<\/li>\n<li>Jochem van den Hoek (NL \/ Honda \/ 124 Pkt.)<\/li>\n<\/ol>\n<p>&nbsp;<\/p>\n\n\t\t<style type=\"text\/css\">\n\t\t\t#gallery-1 {\n\t\t\t\tmargin: auto;\n\t\t\t}\n\t\t\t#gallery-1 .gallery-item {\n\t\t\t\tfloat: left;\n\t\t\t\tmargin-top: 10px;\n\t\t\t\ttext-align: center;\n\t\t\t\twidth: 33%;\n\t\t\t}\n\t\t\t#gallery-1 img {\n\t\t\t\tborder: 2px solid #cfcfcf;\n\t\t\t}\n\t\t\t#gallery-1 .gallery-caption {\n\t\t\t\tmargin-left: 0;\n\t\t\t}\n\t\t\t\/* see gallery_shortcode() in wp-includes\/media.php *\/\n\t\t<\/style>\n\t\t<div id='gallery-1' class='gallery galleryid-2149 gallery-columns-3 gallery-size-thumbnail'><dl class='gallery-item'>\n\t\t\t<dt class='gallery-icon landscape'>\n\t\t\t\t<a href='http:\/\/www.xn--asphalt-schtig-osb.de\/blog\/wordpress\/strassenkaempfer-beim-road-racing\/6-prominenz-am-start-macaugp-legende-michael-rutter-links-und-danny-webb-hatten-sichtlich-spass-bei-der-fahrerpraesentation-auf-dem-frohburger-marktplatz\/'><img loading=\"lazy\" decoding=\"async\" width=\"150\" height=\"150\" src=\"http:\/\/www.xn--asphalt-schtig-osb.de\/wp-content\/uploads\/2017\/01\/6-Prominenz-am-Start-MacauGP-Legende-Michael-Rutter-links-und-Danny-Webb-hatten-sichtlich-Spa\u00df-bei-der-Fahrerpr\u00e4sentation-auf-dem-Frohburger-Marktplatz-150x150.jpg\" class=\"attachment-thumbnail size-thumbnail\" alt=\"\" \/><\/a>\n\t\t\t<\/dt><\/dl><dl class='gallery-item'>\n\t\t\t<dt class='gallery-icon landscape'>\n\t\t\t\t<a href='http:\/\/www.xn--asphalt-schtig-osb.de\/blog\/wordpress\/strassenkaempfer-beim-road-racing\/6-sieht-man-bei-vielen-fahrern-konzentrationsphase-in-bekannter-pose\/'><img loading=\"lazy\" decoding=\"async\" width=\"150\" height=\"150\" src=\"http:\/\/www.xn--asphalt-schtig-osb.de\/wp-content\/uploads\/2017\/01\/6-Sieht-man-bei-vielen-Fahrern-Konzentrationsphase-in-bekannter-Pose-150x150.jpg\" class=\"attachment-thumbnail size-thumbnail\" alt=\"\" \/><\/a>\n\t\t\t<\/dt><\/dl><dl class='gallery-item'>\n\t\t\t<dt class='gallery-icon portrait'>\n\t\t\t\t<a href='http:\/\/www.xn--asphalt-schtig-osb.de\/blog\/wordpress\/strassenkaempfer-beim-road-racing\/6-sitzprobe-nach-dem-highsider\/'><img loading=\"lazy\" decoding=\"async\" width=\"150\" height=\"150\" src=\"http:\/\/www.xn--asphalt-schtig-osb.de\/wp-content\/uploads\/2017\/01\/6-Sitzprobe-nach-dem-Highsider-150x150.jpg\" class=\"attachment-thumbnail size-thumbnail\" alt=\"\" \/><\/a>\n\t\t\t<\/dt><\/dl><br style=\"clear: both\" \/><dl class='gallery-item'>\n\t\t\t<dt class='gallery-icon landscape'>\n\t\t\t\t<a href='http:\/\/www.xn--asphalt-schtig-osb.de\/blog\/wordpress\/strassenkaempfer-beim-road-racing\/1-im-zweiten-rennen-in-hengelo-sah-es-anfangs-noch-ganz-gut-aus-dann-schlug-die-technik-zu\/'><img loading=\"lazy\" decoding=\"async\" width=\"150\" height=\"150\" src=\"http:\/\/www.xn--asphalt-schtig-osb.de\/wp-content\/uploads\/2017\/01\/1-Im-zweiten-Rennen-in-Hengelo-sah-es-anfangs-noch-ganz-gut-aus.-Dann-schlug-die-Technik-zu-150x150.jpg\" class=\"attachment-thumbnail size-thumbnail\" alt=\"\" \/><\/a>\n\t\t\t<\/dt><\/dl><dl class='gallery-item'>\n\t\t\t<dt class='gallery-icon portrait'>\n\t\t\t\t<a href='http:\/\/www.xn--asphalt-schtig-osb.de\/blog\/wordpress\/strassenkaempfer-beim-road-racing\/1-das-irrc-fahrerlager-gleicht-einer-grossfamilie-da-wird-auch-schon-mal-mit-hand-angelegt\/'><img loading=\"lazy\" decoding=\"async\" width=\"150\" height=\"150\" src=\"http:\/\/www.xn--asphalt-schtig-osb.de\/wp-content\/uploads\/2017\/01\/1-Das-IRRC-Fahrerlager-gleicht-einer-Gro\u00dffamilie.-Da-wird-auch-schon-mal-mit-Hand-angelegt-150x150.jpg\" class=\"attachment-thumbnail size-thumbnail\" alt=\"\" \/><\/a>\n\t\t\t<\/dt><\/dl><dl class='gallery-item'>\n\t\t\t<dt class='gallery-icon landscape'>\n\t\t\t\t<a href='http:\/\/www.xn--asphalt-schtig-osb.de\/blog\/wordpress\/strassenkaempfer-beim-road-racing\/1-die-flaggen-an-der-strecke-deuten-es-an-die-irrc-fahrer-kommen-aus-den-unterschiedlichsten-laendern\/'><img loading=\"lazy\" decoding=\"async\" width=\"150\" height=\"150\" src=\"http:\/\/www.xn--asphalt-schtig-osb.de\/wp-content\/uploads\/2017\/01\/1-Die-Flaggen-an-der-Strecke-deuten-es-an-Die-IRRC-Fahrer-kommen-aus-den-unterschiedlichsten-L\u00e4ndern-150x150.jpg\" class=\"attachment-thumbnail size-thumbnail\" alt=\"\" \/><\/a>\n\t\t\t<\/dt><\/dl><br style=\"clear: both\" \/><dl class='gallery-item'>\n\t\t\t<dt class='gallery-icon landscape'>\n\t\t\t\t<a href='http:\/\/www.xn--asphalt-schtig-osb.de\/blog\/wordpress\/strassenkaempfer-beim-road-racing\/1-kann-sich-auch-allein-freuen-didier-grams-gluecklich-mit-zweimal-platz-3-in-hengelo\/'><img loading=\"lazy\" decoding=\"async\" width=\"150\" height=\"150\" src=\"http:\/\/www.xn--asphalt-schtig-osb.de\/wp-content\/uploads\/2017\/01\/1-Kann-sich-auch-allein-freuen-Didier-Grams-gl\u00fccklich-mit-zweimal-Platz-3-in-Hengelo-150x150.jpg\" class=\"attachment-thumbnail size-thumbnail\" alt=\"\" \/><\/a>\n\t\t\t<\/dt><\/dl><dl class='gallery-item'>\n\t\t\t<dt class='gallery-icon landscape'>\n\t\t\t\t<a href='http:\/\/www.xn--asphalt-schtig-osb.de\/blog\/wordpress\/strassenkaempfer-beim-road-racing\/1-mit-zwei-siegen-feierte-marek-cerveny-in-holland-den-perfekter-saisonbeginn\/'><img loading=\"lazy\" decoding=\"async\" width=\"150\" height=\"150\" src=\"http:\/\/www.xn--asphalt-schtig-osb.de\/wp-content\/uploads\/2017\/01\/1-Mit-zwei-Siegen-feierte-Marek-\u010cerven\u00fd-in-Holland-den-perfekter-Saisonbeginn-150x150.jpg\" class=\"attachment-thumbnail size-thumbnail\" alt=\"\" \/><\/a>\n\t\t\t<\/dt><\/dl><dl class='gallery-item'>\n\t\t\t<dt class='gallery-icon landscape'>\n\t\t\t\t<a href='http:\/\/www.xn--asphalt-schtig-osb.de\/blog\/wordpress\/strassenkaempfer-beim-road-racing\/1-wegweisend-sebastien-le-grelle-45-und-vincent-lonbois-machten-das-sbk-rennen-in-hengelo-unter-sich-aus-das-sollte-sich-die-ganze-saison-nur-selten-aendern\/'><img loading=\"lazy\" decoding=\"async\" width=\"150\" height=\"150\" src=\"http:\/\/www.xn--asphalt-schtig-osb.de\/wp-content\/uploads\/2017\/01\/1-Wegweisend-Sebastien-le-Grelle-45-und-Vincent-Lonbois-machten-das-SBK-Rennen-in-Hengelo-unter-sich-aus.-Das-sollte-sich-die-ganze-Saison-nur-selten-\u00e4ndern.-150x150.jpg\" class=\"attachment-thumbnail size-thumbnail\" alt=\"\" \/><\/a>\n\t\t\t<\/dt><\/dl><br style=\"clear: both\" \/><dl class='gallery-item'>\n\t\t\t<dt class='gallery-icon landscape'>\n\t\t\t\t<a href='http:\/\/www.xn--asphalt-schtig-osb.de\/blog\/wordpress\/strassenkaempfer-beim-road-racing\/1-zweckentfremdet-um-die-reifen-auf-den-nassen-wegen-sauber-zu-halten-hilft-frischhaltefolie\/'><img loading=\"lazy\" decoding=\"async\" width=\"150\" height=\"150\" src=\"http:\/\/www.xn--asphalt-schtig-osb.de\/wp-content\/uploads\/2017\/01\/1-Zweckentfremdet-Um-die-Reifen-auf-den-nassen-wegen-sauber-zu-halten-hilft-Frischhaltefolie-150x150.jpg\" class=\"attachment-thumbnail size-thumbnail\" alt=\"\" \/><\/a>\n\t\t\t<\/dt><\/dl><dl class='gallery-item'>\n\t\t\t<dt class='gallery-icon landscape'>\n\t\t\t\t<a href='http:\/\/www.xn--asphalt-schtig-osb.de\/blog\/wordpress\/strassenkaempfer-beim-road-racing\/2-weltmeisterlich-vincent-lonbois-hat-bereits-moto2-erfahrung-und-schnappte-sich-nach-hengelo-auch-in-oss-zweimal-die-vollen-25-punkte\/'><img loading=\"lazy\" decoding=\"async\" width=\"150\" height=\"150\" src=\"http:\/\/www.xn--asphalt-schtig-osb.de\/wp-content\/uploads\/2017\/01\/2-Weltmeisterlich-Vincent-Lonbois-hat-bereits-Moto2-Erfahrung-und-schnappte-sich-nach-Hengelo-auch-in-Oss-zweimal-die-vollen-25-Punkte-150x150.jpg\" class=\"attachment-thumbnail size-thumbnail\" alt=\"\" \/><\/a>\n\t\t\t<\/dt><\/dl><dl class='gallery-item'>\n\t\t\t<dt class='gallery-icon landscape'>\n\t\t\t\t<a href='http:\/\/www.xn--asphalt-schtig-osb.de\/blog\/wordpress\/strassenkaempfer-beim-road-racing\/3-am-einsatz-hing-es-2016-sicher-nicht\/'><img loading=\"lazy\" decoding=\"async\" width=\"150\" height=\"150\" src=\"http:\/\/www.xn--asphalt-schtig-osb.de\/wp-content\/uploads\/2017\/01\/3-Am-Einsatz-hing-es-2016-sicher-nicht-150x150.jpg\" class=\"attachment-thumbnail size-thumbnail\" alt=\"\" \/><\/a>\n\t\t\t<\/dt><\/dl><br style=\"clear: both\" \/><dl class='gallery-item'>\n\t\t\t<dt class='gallery-icon landscape'>\n\t\t\t\t<a href='http:\/\/www.xn--asphalt-schtig-osb.de\/blog\/wordpress\/strassenkaempfer-beim-road-racing\/3-dauerregen-und-fahrerlager-auf-der-gruenen-wiese-beim-road-racing-geht-es-durchaus-rustikal-zu\/'><img loading=\"lazy\" decoding=\"async\" width=\"150\" height=\"150\" src=\"http:\/\/www.xn--asphalt-schtig-osb.de\/wp-content\/uploads\/2017\/01\/3-Dauerregen-und-Fahrerlager-auf-der-gr\u00fcnen-Wiese-Beim-Road-Racing-geht-es-durchaus-rustikal-zu-150x150.jpg\" class=\"attachment-thumbnail size-thumbnail\" alt=\"\" \/><\/a>\n\t\t\t<\/dt><\/dl><dl class='gallery-item'>\n\t\t\t<dt class='gallery-icon landscape'>\n\t\t\t\t<a href='http:\/\/www.xn--asphalt-schtig-osb.de\/blog\/wordpress\/strassenkaempfer-beim-road-racing\/3-man-of-the-race-wolfi-schuster-ging-nach-seinem-highsider-in-lauf-1-mit-zwei-gebrochenen-rippen-an-den-start\/'><img loading=\"lazy\" decoding=\"async\" width=\"150\" height=\"150\" src=\"http:\/\/www.xn--asphalt-schtig-osb.de\/wp-content\/uploads\/2017\/01\/3-Man-of-the-Race-Wolfi-Schuster-ging-nach-seinem-Highsider-in-Lauf-1-mit-zwei-gebrochenen-Rippen-an-den-Start-150x150.jpg\" class=\"attachment-thumbnail size-thumbnail\" alt=\"\" \/><\/a>\n\t\t\t<\/dt><\/dl><dl class='gallery-item'>\n\t\t\t<dt class='gallery-icon landscape'>\n\t\t\t\t<a href='http:\/\/www.xn--asphalt-schtig-osb.de\/blog\/wordpress\/strassenkaempfer-beim-road-racing\/3-nach-den-nullnummer-in-hengelo-und-oss-gab-es-in-belgien-einen-guten-rat-von-den-anderen-fahrern\/'><img loading=\"lazy\" decoding=\"async\" width=\"150\" height=\"150\" src=\"http:\/\/www.xn--asphalt-schtig-osb.de\/wp-content\/uploads\/2017\/01\/3-nach-den-Nullnummer-in-Hengelo-und-Oss-gab-es-in-Belgien-einen-guten-Rat-von-den-anderen-Fahrern-150x150.jpg\" class=\"attachment-thumbnail size-thumbnail\" alt=\"\" \/><\/a>\n\t\t\t<\/dt><\/dl><br style=\"clear: both\" \/><dl class='gallery-item'>\n\t\t\t<dt class='gallery-icon landscape'>\n\t\t\t\t<a href='http:\/\/www.xn--asphalt-schtig-osb.de\/blog\/wordpress\/strassenkaempfer-beim-road-racing\/4-marek-cerveny-45-holte-sich-nicht-nur-beide-laufsiege-bei-den-supersportlern-sondern-auch-einen-ersten-und-einen-zweiten-platz-bei-den-superbike\/'><img loading=\"lazy\" decoding=\"async\" width=\"150\" height=\"150\" src=\"http:\/\/www.xn--asphalt-schtig-osb.de\/wp-content\/uploads\/2017\/01\/4-Marek-\u010cerven\u00fd-45-holte-sich-nicht-nur-beide-Laufsiege-bei-den-Supersportlern-sondern-auch-einen-ersten-und-einen-zweiten-Platz-bei-den-Superbike-150x150.jpg\" class=\"attachment-thumbnail size-thumbnail\" alt=\"\" \/><\/a>\n\t\t\t<\/dt><\/dl><dl class='gallery-item'>\n\t\t\t<dt class='gallery-icon landscape'>\n\t\t\t\t<a href='http:\/\/www.xn--asphalt-schtig-osb.de\/blog\/wordpress\/strassenkaempfer-beim-road-racing\/4-road-racing-ist-halt-eine-maenner-domaene\/'><img loading=\"lazy\" decoding=\"async\" width=\"150\" height=\"150\" src=\"http:\/\/www.xn--asphalt-schtig-osb.de\/wp-content\/uploads\/2017\/01\/4-Road-Racing-ist-halt-eine-M\u00e4nner-Dom\u00e4ne-150x150.jpg\" class=\"attachment-thumbnail size-thumbnail\" alt=\"\" \/><\/a>\n\t\t\t<\/dt><\/dl><dl class='gallery-item'>\n\t\t\t<dt class='gallery-icon landscape'>\n\t\t\t\t<a href='http:\/\/www.xn--asphalt-schtig-osb.de\/blog\/wordpress\/strassenkaempfer-beim-road-racing\/5-auf-dem-neuen-kurs-in-imatra-lief-es-fuer-schmiddel-gut-leider-vereitelte-ein-kupplungsschaden-eine-top-5-platzierung\/'><img loading=\"lazy\" decoding=\"async\" width=\"150\" height=\"150\" src=\"http:\/\/www.xn--asphalt-schtig-osb.de\/wp-content\/uploads\/2017\/01\/5-Auf-dem-neuen-Kurs-in-Imatra-lief-es-f\u00fcr-Schmiddel-gut-leider-vereitelte-ein-Kupplungsschaden-eine-Top-5-Platzierung-150x150.jpg\" class=\"attachment-thumbnail size-thumbnail\" alt=\"\" \/><\/a>\n\t\t\t<\/dt><\/dl><br style=\"clear: both\" \/><dl class='gallery-item'>\n\t\t\t<dt class='gallery-icon landscape'>\n\t\t\t\t<a href='http:\/\/www.xn--asphalt-schtig-osb.de\/blog\/wordpress\/strassenkaempfer-beim-road-racing\/5-thomas-walther-77-war-in-finnland-der-beste-deutsche-ssp-fahrer-und-fuhr-im-ersten-lauf-auf-platz-2\/'><img loading=\"lazy\" decoding=\"async\" width=\"150\" height=\"150\" src=\"http:\/\/www.xn--asphalt-schtig-osb.de\/wp-content\/uploads\/2017\/01\/5-Thomas-Walther-77-war-in-Finnland-der-beste-deutsche-SSP-Fahrer-und-fuhr-im-ersten-Lauf-auf-Platz-2-150x150.jpg\" class=\"attachment-thumbnail size-thumbnail\" alt=\"\" \/><\/a>\n\t\t\t<\/dt><\/dl><dl class='gallery-item'>\n\t\t\t<dt class='gallery-icon landscape'>\n\t\t\t\t<a href='http:\/\/www.xn--asphalt-schtig-osb.de\/blog\/wordpress\/strassenkaempfer-beim-road-racing\/6-autogramme-schreiben-gehoert-zum-fahrerempfang-in-frohburg-fest-dazu-3\/'><img loading=\"lazy\" decoding=\"async\" width=\"150\" height=\"150\" src=\"http:\/\/www.xn--asphalt-schtig-osb.de\/wp-content\/uploads\/2017\/01\/6-Autogramme-schreiben-geh\u00f6rt-zum-Fahrerempfang-in-Frohburg-fest-dazu-3-150x150.jpg\" class=\"attachment-thumbnail size-thumbnail\" alt=\"\" \/><\/a>\n\t\t\t<\/dt><\/dl><dl class='gallery-item'>\n\t\t\t<dt class='gallery-icon landscape'>\n\t\t\t\t<a href='http:\/\/www.xn--asphalt-schtig-osb.de\/blog\/wordpress\/strassenkaempfer-beim-road-racing\/6-klare-botschaft-michael-rutter-gary-johnson-und-danny-webb-bekennen-flagge-und-zeigen-deutlich-was-sie-nach-frohburg-gefuehrt-hat\/'><img loading=\"lazy\" decoding=\"async\" width=\"150\" height=\"150\" src=\"http:\/\/www.xn--asphalt-schtig-osb.de\/wp-content\/uploads\/2017\/01\/6-Klare-Botschaft-Michael-Rutter-Gary-Johnson-und-Danny-Webb-bekennen-Flagge-und-zeigen-deutlich-was-sie-nach-Frohburg-gef\u00fchrt-hat-150x150.jpg\" class=\"attachment-thumbnail size-thumbnail\" alt=\"\" \/><\/a>\n\t\t\t<\/dt><\/dl><br style=\"clear: both\" \/><dl class='gallery-item'>\n\t\t\t<dt class='gallery-icon landscape'>\n\t\t\t\t<a href='http:\/\/www.xn--asphalt-schtig-osb.de\/blog\/wordpress\/strassenkaempfer-beim-road-racing\/gaststarter-50-sebastian-savu-thomas-walther-77-im-hintergrund-frohburg\/'><img loading=\"lazy\" decoding=\"async\" width=\"150\" height=\"150\" src=\"http:\/\/www.xn--asphalt-schtig-osb.de\/wp-content\/uploads\/2017\/01\/Gaststarter-50-Sebastian-Savu-Thomas-Walther-77-im-Hintergrund-Frohburg-150x150.jpg\" class=\"attachment-thumbnail size-thumbnail\" alt=\"\" \/><\/a>\n\t\t\t<\/dt><\/dl><dl class='gallery-item'>\n\t\t\t<dt class='gallery-icon landscape'>\n\t\t\t\t<a href='http:\/\/www.xn--asphalt-schtig-osb.de\/blog\/wordpress\/strassenkaempfer-beim-road-racing\/pulk-5-start-rennen-1-chimay-45-marek-cerveny-65-joey-den-besten-199-pierre-yves-bian-54-gastarter-bobby-bos-94-michael-hofman-77-thomas-walther\/'><img loading=\"lazy\" decoding=\"async\" width=\"150\" height=\"150\" src=\"http:\/\/www.xn--asphalt-schtig-osb.de\/wp-content\/uploads\/2017\/01\/Pulk-5-Start-Rennen-1-Chimay-45-Marek-Cerveny-65-Joey-den-Besten-199-Pierre-Yves-Bian-54-Gastarter-Bobby-Bos-94-Michael-Hofman-77-Thomas-Walther-150x150.jpg\" class=\"attachment-thumbnail size-thumbnail\" alt=\"\" \/><\/a>\n\t\t\t<\/dt><\/dl><dl class='gallery-item'>\n\t\t\t<dt class='gallery-icon landscape'>\n\t\t\t\t<a href='http:\/\/www.xn--asphalt-schtig-osb.de\/blog\/wordpress\/strassenkaempfer-beim-road-racing\/rennen-2-start-5-hendrik-voit-7-max-gaube-66-daniel-schmidt-frohburg\/'><img loading=\"lazy\" decoding=\"async\" width=\"150\" height=\"150\" src=\"http:\/\/www.xn--asphalt-schtig-osb.de\/wp-content\/uploads\/2017\/01\/Rennen-2-Start-5-Hendrik-Voit-7-Max-Gaube-66-Daniel-Schmidt-Frohburg-150x150.jpg\" class=\"attachment-thumbnail size-thumbnail\" alt=\"\" \/><\/a>\n\t\t\t<\/dt><\/dl><br style=\"clear: both\" \/>\n\t\t<\/div>\n\n","protected":false},"excerpt":{"rendered":"<p>Jeder von uns hat einen Traum. Doch w\u00e4hrend sich die gro\u00dfe Mehrheit eher nach profanen Dingen wie einer Villa im Gr\u00fcnen oder der Luxuskarosse in der Garage sehnt, weichen die Wunschvorstellungen f\u00fcr uns Motorsportinfizierten in aller Regel weit von der Norm ab. Wir verzichten freiwillig auf Komfort und Sicherheit und ziehen Risikosportarten auf der Rennstrecke &hellip; <\/p>\n<p><a class=\"more-link btn\" href=\"http:\/\/www.xn--asphalt-schtig-osb.de\/blog\/wordpress\/strassenkaempfer-beim-road-racing\/\">Weiterlesen<\/a><\/p>\n","protected":false},"author":1,"featured_media":2188,"comment_status":"open","ping_status":"open","sticky":false,"template":"","format":"standard","meta":{"footnotes":""},"categories":[302],"tags":[148,198,366,365,38,138,114,245,197,414,124,184,246,154,126,256,123,150],"class_list":["post-2149","post","type-post","status-publish","format-standard","has-post-thumbnail","hentry","category-irrc-2016","tag-bmw","tag-chimay","tag-christian-schmitz","tag-danny-webb","tag-frohburg","tag-hengelo","tag-honda","tag-horice","tag-imatra","tag-irrc","tag-isle-of-man","tag-kawasaki","tag-michael-rutter","tag-oss","tag-road-racing","tag-roadracing","tag-tourist-trophy","tag-yamaha","nodate","item-wrap"],"_links":{"self":[{"href":"http:\/\/www.xn--asphalt-schtig-osb.de\/blog\/wordpress\/wp-json\/wp\/v2\/posts\/2149","targetHints":{"allow":["GET"]}}],"collection":[{"href":"http:\/\/www.xn--asphalt-schtig-osb.de\/blog\/wordpress\/wp-json\/wp\/v2\/posts"}],"about":[{"href":"http:\/\/www.xn--asphalt-schtig-osb.de\/blog\/wordpress\/wp-json\/wp\/v2\/types\/post"}],"author":[{"embeddable":true,"href":"http:\/\/www.xn--asphalt-schtig-osb.de\/blog\/wordpress\/wp-json\/wp\/v2\/users\/1"}],"replies":[{"embeddable":true,"href":"http:\/\/www.xn--asphalt-schtig-osb.de\/blog\/wordpress\/wp-json\/wp\/v2\/comments?post=2149"}],"version-history":[{"count":2,"href":"http:\/\/www.xn--asphalt-schtig-osb.de\/blog\/wordpress\/wp-json\/wp\/v2\/posts\/2149\/revisions"}],"predecessor-version":[{"id":2190,"href":"http:\/\/www.xn--asphalt-schtig-osb.de\/blog\/wordpress\/wp-json\/wp\/v2\/posts\/2149\/revisions\/2190"}],"wp:featuredmedia":[{"embeddable":true,"href":"http:\/\/www.xn--asphalt-schtig-osb.de\/blog\/wordpress\/wp-json\/wp\/v2\/media\/2188"}],"wp:attachment":[{"href":"http:\/\/www.xn--asphalt-schtig-osb.de\/blog\/wordpress\/wp-json\/wp\/v2\/media?parent=2149"}],"wp:term":[{"taxonomy":"category","embeddable":true,"href":"http:\/\/www.xn--asphalt-schtig-osb.de\/blog\/wordpress\/wp-json\/wp\/v2\/categories?post=2149"},{"taxonomy":"post_tag","embeddable":true,"href":"http:\/\/www.xn--asphalt-schtig-osb.de\/blog\/wordpress\/wp-json\/wp\/v2\/tags?post=2149"}],"curies":[{"name":"wp","href":"https:\/\/api.w.org\/{rel}","templated":true}]}}